{"id":59,"date":"2018-12-08T20:52:03","date_gmt":"2018-12-08T20:52:03","guid":{"rendered":"http:\/\/mgv-eintracht-vadrup.maguggn.de\/?p=59"},"modified":"2019-10-25T17:14:42","modified_gmt":"2019-10-25T17:14:42","slug":"open-air-mit-flair-2018","status":"publish","type":"post","link":"https:\/\/mgv-eintracht-vadrup.de\/?p=59","title":{"rendered":"&#8222;Open Air mit Flair&#8220; 2018"},"content":{"rendered":"\n<figure class=\"wp-block-image\"><img loading=\"lazy\" decoding=\"async\" width=\"1024\" height=\"421\" src=\"http:\/\/mgv-eintracht-vadrup.maguggn.de\/wp-content\/uploads\/2018\/12\/DSCF0434-e1544300825698-1024x421.jpg\" alt=\"Bild des MGV\" class=\"wp-image-50\" srcset=\"https:\/\/mgv-eintracht-vadrup.de\/wp-content\/uploads\/2018\/12\/DSCF0434-e1544300825698-1024x421.jpg 1024w, https:\/\/mgv-eintracht-vadrup.de\/wp-content\/uploads\/2018\/12\/DSCF0434-e1544300825698-300x123.jpg 300w, https:\/\/mgv-eintracht-vadrup.de\/wp-content\/uploads\/2018\/12\/DSCF0434-e1544300825698-768x316.jpg 768w, https:\/\/mgv-eintracht-vadrup.de\/wp-content\/uploads\/2018\/12\/DSCF0434-e1544300825698-100x41.jpg 100w, https:\/\/mgv-eintracht-vadrup.de\/wp-content\/uploads\/2018\/12\/DSCF0434-e1544300825698-150x62.jpg 150w, https:\/\/mgv-eintracht-vadrup.de\/wp-content\/uploads\/2018\/12\/DSCF0434-e1544300825698-200x82.jpg 200w, https:\/\/mgv-eintracht-vadrup.de\/wp-content\/uploads\/2018\/12\/DSCF0434-e1544300825698-450x185.jpg 450w, https:\/\/mgv-eintracht-vadrup.de\/wp-content\/uploads\/2018\/12\/DSCF0434-e1544300825698-600x247.jpg 600w, https:\/\/mgv-eintracht-vadrup.de\/wp-content\/uploads\/2018\/12\/DSCF0434-e1544300825698-900x370.jpg 900w\" sizes=\"auto, (max-width: 1024px) 100vw, 1024px\" \/><figcaption>Der Gesangverein beim &#8222;Open Air mit Flair&#8220; 2018<\/figcaption><\/figure>\n\n\n\n<figure class=\"wp-block-image\"><img loading=\"lazy\" decoding=\"async\" width=\"1024\" height=\"768\" src=\"http:\/\/mgv-eintracht-vadrup.maguggn.de\/wp-content\/uploads\/2018\/12\/DSCF0450-1024x768.jpg\" alt=\"Zuschauer beim Konzert des MGV\" class=\"wp-image-52\" srcset=\"https:\/\/mgv-eintracht-vadrup.de\/wp-content\/uploads\/2018\/12\/DSCF0450-1024x768.jpg 1024w, https:\/\/mgv-eintracht-vadrup.de\/wp-content\/uploads\/2018\/12\/DSCF0450-300x225.jpg 300w, https:\/\/mgv-eintracht-vadrup.de\/wp-content\/uploads\/2018\/12\/DSCF0450-768x576.jpg 768w, https:\/\/mgv-eintracht-vadrup.de\/wp-content\/uploads\/2018\/12\/DSCF0450-100x75.jpg 100w, https:\/\/mgv-eintracht-vadrup.de\/wp-content\/uploads\/2018\/12\/DSCF0450-150x113.jpg 150w, https:\/\/mgv-eintracht-vadrup.de\/wp-content\/uploads\/2018\/12\/DSCF0450-200x150.jpg 200w, https:\/\/mgv-eintracht-vadrup.de\/wp-content\/uploads\/2018\/12\/DSCF0450-450x338.jpg 450w, https:\/\/mgv-eintracht-vadrup.de\/wp-content\/uploads\/2018\/12\/DSCF0450-600x450.jpg 600w, https:\/\/mgv-eintracht-vadrup.de\/wp-content\/uploads\/2018\/12\/DSCF0450-900x675.jpg 900w\" sizes=\"auto, (max-width: 1024px) 100vw, 1024px\" \/><figcaption>Viele Besucher konnten auch dieses Jahr wieder begr\u00fc\u00dft werden.<\/figcaption><\/figure>\n\n\n\n<figure class=\"wp-block-image\"><img loading=\"lazy\" decoding=\"async\" width=\"1024\" height=\"783\" src=\"http:\/\/mgv-eintracht-vadrup.maguggn.de\/wp-content\/uploads\/2018\/12\/DSCF0478-e1544300941883-1024x783.jpg\" alt=\"Die Musiker von &quot;Model in Matsch&quot;\" class=\"wp-image-53\" srcset=\"https:\/\/mgv-eintracht-vadrup.de\/wp-content\/uploads\/2018\/12\/DSCF0478-e1544300941883-1024x783.jpg 1024w, https:\/\/mgv-eintracht-vadrup.de\/wp-content\/uploads\/2018\/12\/DSCF0478-e1544300941883-300x229.jpg 300w, https:\/\/mgv-eintracht-vadrup.de\/wp-content\/uploads\/2018\/12\/DSCF0478-e1544300941883-768x587.jpg 768w, https:\/\/mgv-eintracht-vadrup.de\/wp-content\/uploads\/2018\/12\/DSCF0478-e1544300941883-100x76.jpg 100w, https:\/\/mgv-eintracht-vadrup.de\/wp-content\/uploads\/2018\/12\/DSCF0478-e1544300941883-150x115.jpg 150w, https:\/\/mgv-eintracht-vadrup.de\/wp-content\/uploads\/2018\/12\/DSCF0478-e1544300941883-200x153.jpg 200w, https:\/\/mgv-eintracht-vadrup.de\/wp-content\/uploads\/2018\/12\/DSCF0478-e1544300941883-450x344.jpg 450w, https:\/\/mgv-eintracht-vadrup.de\/wp-content\/uploads\/2018\/12\/DSCF0478-e1544300941883-600x459.jpg 600w, https:\/\/mgv-eintracht-vadrup.de\/wp-content\/uploads\/2018\/12\/DSCF0478-e1544300941883-900x688.jpg 900w\" sizes=\"auto, (max-width: 1024px) 100vw, 1024px\" \/><figcaption> Die Musikerinnen und Musiker des Musicals &#8222;Model im Matsch&#8220; begleiten die S\u00e4nger bei <br>&#8222;Open Air mit Flair&#8220; 2018<\/figcaption><\/figure>\n\n\n\n<figure class=\"wp-block-image\"><img loading=\"lazy\" decoding=\"async\" width=\"1024\" height=\"433\" src=\"http:\/\/mgv-eintracht-vadrup.maguggn.de\/wp-content\/uploads\/2018\/12\/DSCF0480-e1544301256756-1024x433.jpg\" alt=\"Die S\u00fcnger von &quot;Model in Matsch&quot;\" class=\"wp-image-54\" srcset=\"https:\/\/mgv-eintracht-vadrup.de\/wp-content\/uploads\/2018\/12\/DSCF0480-e1544301256756-1024x433.jpg 1024w, https:\/\/mgv-eintracht-vadrup.de\/wp-content\/uploads\/2018\/12\/DSCF0480-e1544301256756-300x127.jpg 300w, https:\/\/mgv-eintracht-vadrup.de\/wp-content\/uploads\/2018\/12\/DSCF0480-e1544301256756-768x325.jpg 768w, https:\/\/mgv-eintracht-vadrup.de\/wp-content\/uploads\/2018\/12\/DSCF0480-e1544301256756-100x42.jpg 100w, https:\/\/mgv-eintracht-vadrup.de\/wp-content\/uploads\/2018\/12\/DSCF0480-e1544301256756-150x63.jpg 150w, https:\/\/mgv-eintracht-vadrup.de\/wp-content\/uploads\/2018\/12\/DSCF0480-e1544301256756-200x85.jpg 200w, https:\/\/mgv-eintracht-vadrup.de\/wp-content\/uploads\/2018\/12\/DSCF0480-e1544301256756-450x190.jpg 450w, https:\/\/mgv-eintracht-vadrup.de\/wp-content\/uploads\/2018\/12\/DSCF0480-e1544301256756-600x254.jpg 600w, https:\/\/mgv-eintracht-vadrup.de\/wp-content\/uploads\/2018\/12\/DSCF0480-e1544301256756-900x381.jpg 900w\" sizes=\"auto, (max-width: 1024px) 100vw, 1024px\" \/><figcaption>Die Musical S\u00e4ngerinnen und S\u00e4nger begeisterten das Publikum bei &#8222;Open Air mit Flair&#8220; 2018<\/figcaption><\/figure>\n\n\n\n<figure class=\"wp-block-image\"><img loading=\"lazy\" decoding=\"async\" width=\"1024\" height=\"412\" src=\"http:\/\/mgv-eintracht-vadrup.maguggn.de\/wp-content\/uploads\/2018\/12\/DSCF0448-e1544301325711-1024x412.jpg\" alt=\"Der &quot;Junge Chor M\u00fcnster&quot;\" class=\"wp-image-51\" srcset=\"https:\/\/mgv-eintracht-vadrup.de\/wp-content\/uploads\/2018\/12\/DSCF0448-e1544301325711-1024x412.jpg 1024w, https:\/\/mgv-eintracht-vadrup.de\/wp-content\/uploads\/2018\/12\/DSCF0448-e1544301325711-300x121.jpg 300w, https:\/\/mgv-eintracht-vadrup.de\/wp-content\/uploads\/2018\/12\/DSCF0448-e1544301325711-768x309.jpg 768w, https:\/\/mgv-eintracht-vadrup.de\/wp-content\/uploads\/2018\/12\/DSCF0448-e1544301325711-100x40.jpg 100w, https:\/\/mgv-eintracht-vadrup.de\/wp-content\/uploads\/2018\/12\/DSCF0448-e1544301325711-150x60.jpg 150w, https:\/\/mgv-eintracht-vadrup.de\/wp-content\/uploads\/2018\/12\/DSCF0448-e1544301325711-200x80.jpg 200w, https:\/\/mgv-eintracht-vadrup.de\/wp-content\/uploads\/2018\/12\/DSCF0448-e1544301325711-450x181.jpg 450w, https:\/\/mgv-eintracht-vadrup.de\/wp-content\/uploads\/2018\/12\/DSCF0448-e1544301325711-600x241.jpg 600w, https:\/\/mgv-eintracht-vadrup.de\/wp-content\/uploads\/2018\/12\/DSCF0448-e1544301325711-900x362.jpg 900w\" sizes=\"auto, (max-width: 1024px) 100vw, 1024px\" \/><figcaption>Wie auch die Jahre zuvor begeisterten die S\u00e4ngerinnen und S\u00e4nger des &#8222;Jungen Chores M\u00fcnster&#8220; das Publikum<\/figcaption><\/figure>\n\n\n\n<p><\/p>\n","protected":false},"excerpt":{"rendered":"<p>Eindr\u00fccke von Open Air mit Flair 2018<\/p>\n","protected":false},"author":1,"featured_media":50,"comment_status":"closed","ping_status":"closed","sticky":false,"template":"","format":"standard","meta":{"_jetpack_memberships_contains_paid_content":false,"footnotes":""},"categories":[8],"tags":[9,11,13,10,12,14],"class_list":["post-59","post","type-post","status-publish","format-standard","has-post-thumbnail","hentry","category-der-m-g-v-eintracht-2018","tag-m-g-v","tag-eintracht","tag-junger-chor-muenster","tag-mgv","tag-model-im-matsch","tag-open-air-mit-flair-2018"],"jetpack_featured_media_url":"https:\/\/mgv-eintracht-vadrup.de\/wp-content\/uploads\/2018\/12\/DSCF0434-e1544300825698.jpg","jetpack_sharing_enabled":true,"_links":{"self":[{"href":"https:\/\/mgv-eintracht-vadrup.de\/index.php?rest_route=\/wp\/v2\/posts\/59","targetHints":{"allow":["GET"]}}],"collection":[{"href":"https:\/\/mgv-eintracht-vadrup.de\/index.php?rest_route=\/wp\/v2\/posts"}],"about":[{"href":"https:\/\/mgv-eintracht-vadrup.de\/index.php?rest_route=\/wp\/v2\/types\/post"}],"author":[{"embeddable":true,"href":"https:\/\/mgv-eintracht-vadrup.de\/index.php?rest_route=\/wp\/v2\/users\/1"}],"replies":[{"embeddable":true,"href":"https:\/\/mgv-eintracht-vadrup.de\/index.php?rest_route=%2Fwp%2Fv2%2Fcomments&post=59"}],"version-history":[{"count":3,"href":"https:\/\/mgv-eintracht-vadrup.de\/index.php?rest_route=\/wp\/v2\/posts\/59\/revisions"}],"predecessor-version":[{"id":282,"href":"https:\/\/mgv-eintracht-vadrup.de\/index.php?rest_route=\/wp\/v2\/posts\/59\/revisions\/282"}],"wp:featuredmedia":[{"embeddable":true,"href":"https:\/\/mgv-eintracht-vadrup.de\/index.php?rest_route=\/wp\/v2\/media\/50"}],"wp:attachment":[{"href":"https:\/\/mgv-eintracht-vadrup.de\/index.php?rest_route=%2Fwp%2Fv2%2Fmedia&parent=59"}],"wp:term":[{"taxonomy":"category","embeddable":true,"href":"https:\/\/mgv-eintracht-vadrup.de\/index.php?rest_route=%2Fwp%2Fv2%2Fcategories&post=59"},{"taxonomy":"post_tag","embeddable":true,"href":"https:\/\/mgv-eintracht-vadrup.de\/index.php?rest_route=%2Fwp%2Fv2%2Ftags&post=59"}],"curies":[{"name":"wp","href":"https:\/\/api.w.org\/{rel}","templated":true}]}}