{"id":795,"date":"2020-01-22T07:48:03","date_gmt":"2020-01-22T06:48:03","guid":{"rendered":"https:\/\/mgv-eintracht-vadrup.de\/?p=795"},"modified":"2020-01-28T18:22:47","modified_gmt":"2020-01-28T17:22:47","slug":"hauptversammlung-2020","status":"publish","type":"post","link":"https:\/\/mgv-eintracht-vadrup.de\/?p=795","title":{"rendered":"Hauptversammlung 2020"},"content":{"rendered":"\n<p>Turnusgem\u00e4\u00df trafen wir uns zur j\u00e4hrlichen Veranstaltung in unserem Vereinslokal Pieser&#8217;s Gasthaus<\/p>\n\n\n\n<div class=\"wp-block-blockgallery-masonry alignwide\"><div class=\"blockgallery has-caption-style-dark has-gutter\"><ul class=\"has-grid-lrg has-gutter-15 has-gutter-mobile-15\"><li class=\"blockgallery--item\"><figure class=\"blockgallery--figure\"><img loading=\"lazy\" decoding=\"async\" width=\"1024\" height=\"768\" src=\"https:\/\/mgv-eintracht-vadrup.de\/wp-content\/uploads\/2020\/01\/IMAG5527.jpg\" alt=\"\" data-id=\"790\" data-link=\"https:\/\/mgv-eintracht-vadrup.de\/?attachment_id=790\" class=\"wp-image-790\" srcset=\"https:\/\/mgv-eintracht-vadrup.de\/wp-content\/uploads\/2020\/01\/IMAG5527.jpg 1024w, https:\/\/mgv-eintracht-vadrup.de\/wp-content\/uploads\/2020\/01\/IMAG5527-300x225.jpg 300w, https:\/\/mgv-eintracht-vadrup.de\/wp-content\/uploads\/2020\/01\/IMAG5527-768x576.jpg 768w\" sizes=\"auto, (max-width: 1024px) 100vw, 1024px\" \/><\/figure><\/li><li class=\"blockgallery--item\"><figure class=\"blockgallery--figure\"><img loading=\"lazy\" decoding=\"async\" width=\"1024\" height=\"768\" src=\"https:\/\/mgv-eintracht-vadrup.de\/wp-content\/uploads\/2020\/01\/IMAG5529.jpg\" alt=\"\" data-id=\"791\" data-link=\"https:\/\/mgv-eintracht-vadrup.de\/?attachment_id=791\" class=\"wp-image-791\" srcset=\"https:\/\/mgv-eintracht-vadrup.de\/wp-content\/uploads\/2020\/01\/IMAG5529.jpg 1024w, https:\/\/mgv-eintracht-vadrup.de\/wp-content\/uploads\/2020\/01\/IMAG5529-300x225.jpg 300w, https:\/\/mgv-eintracht-vadrup.de\/wp-content\/uploads\/2020\/01\/IMAG5529-768x576.jpg 768w\" sizes=\"auto, (max-width: 1024px) 100vw, 1024px\" \/><\/figure><\/li><li class=\"blockgallery--item\"><figure class=\"blockgallery--figure\"><img loading=\"lazy\" decoding=\"async\" width=\"1024\" height=\"768\" src=\"https:\/\/mgv-eintracht-vadrup.de\/wp-content\/uploads\/2020\/01\/IMAG5523.jpg\" alt=\"\" data-id=\"788\" data-link=\"https:\/\/mgv-eintracht-vadrup.de\/?attachment_id=788\" class=\"wp-image-788\" srcset=\"https:\/\/mgv-eintracht-vadrup.de\/wp-content\/uploads\/2020\/01\/IMAG5523.jpg 1024w, https:\/\/mgv-eintracht-vadrup.de\/wp-content\/uploads\/2020\/01\/IMAG5523-300x225.jpg 300w, https:\/\/mgv-eintracht-vadrup.de\/wp-content\/uploads\/2020\/01\/IMAG5523-768x576.jpg 768w\" sizes=\"auto, (max-width: 1024px) 100vw, 1024px\" \/><figcaption class=\"blockgallery--caption\">Nach 35 Jahren verabschiedeten wir uns von Vereinswirt Andre Holtmann mit einem St\u00e4ndchen<\/figcaption><\/figure><\/li><li class=\"blockgallery--item\"><figure class=\"blockgallery--figure\"><img loading=\"lazy\" decoding=\"async\" width=\"768\" height=\"1024\" src=\"https:\/\/mgv-eintracht-vadrup.de\/wp-content\/uploads\/2020\/01\/IMAG5526.jpg\" alt=\"\" data-id=\"789\" data-link=\"https:\/\/mgv-eintracht-vadrup.de\/?attachment_id=789\" class=\"wp-image-789\" srcset=\"https:\/\/mgv-eintracht-vadrup.de\/wp-content\/uploads\/2020\/01\/IMAG5526.jpg 768w, https:\/\/mgv-eintracht-vadrup.de\/wp-content\/uploads\/2020\/01\/IMAG5526-225x300.jpg 225w\" sizes=\"auto, (max-width: 768px) 100vw, 768px\" \/><\/figure><\/li><li class=\"blockgallery--item\"><figure class=\"blockgallery--figure\"><img loading=\"lazy\" decoding=\"async\" width=\"1024\" height=\"768\" src=\"https:\/\/mgv-eintracht-vadrup.de\/wp-content\/uploads\/2020\/01\/IMAG5520.jpg\" alt=\"\" data-id=\"785\" data-link=\"https:\/\/mgv-eintracht-vadrup.de\/?attachment_id=785\" class=\"wp-image-785\" srcset=\"https:\/\/mgv-eintracht-vadrup.de\/wp-content\/uploads\/2020\/01\/IMAG5520.jpg 1024w, https:\/\/mgv-eintracht-vadrup.de\/wp-content\/uploads\/2020\/01\/IMAG5520-300x225.jpg 300w, https:\/\/mgv-eintracht-vadrup.de\/wp-content\/uploads\/2020\/01\/IMAG5520-768x576.jpg 768w\" sizes=\"auto, (max-width: 1024px) 100vw, 1024px\" \/><\/figure><\/li><li class=\"blockgallery--item\"><figure class=\"blockgallery--figure\"><img loading=\"lazy\" decoding=\"async\" width=\"1024\" height=\"768\" src=\"https:\/\/mgv-eintracht-vadrup.de\/wp-content\/uploads\/2020\/01\/IMAG5515.jpg\" alt=\"\" data-id=\"782\" data-link=\"https:\/\/mgv-eintracht-vadrup.de\/?attachment_id=782\" class=\"wp-image-782\" srcset=\"https:\/\/mgv-eintracht-vadrup.de\/wp-content\/uploads\/2020\/01\/IMAG5515.jpg 1024w, https:\/\/mgv-eintracht-vadrup.de\/wp-content\/uploads\/2020\/01\/IMAG5515-300x225.jpg 300w, https:\/\/mgv-eintracht-vadrup.de\/wp-content\/uploads\/2020\/01\/IMAG5515-768x576.jpg 768w\" sizes=\"auto, (max-width: 1024px) 100vw, 1024px\" \/><\/figure><\/li><li class=\"blockgallery--item\"><figure class=\"blockgallery--figure\"><img loading=\"lazy\" decoding=\"async\" width=\"1024\" height=\"768\" src=\"https:\/\/mgv-eintracht-vadrup.de\/wp-content\/uploads\/2020\/01\/IMAG5516.jpg\" alt=\"\" data-id=\"783\" data-link=\"https:\/\/mgv-eintracht-vadrup.de\/?attachment_id=783\" class=\"wp-image-783\" srcset=\"https:\/\/mgv-eintracht-vadrup.de\/wp-content\/uploads\/2020\/01\/IMAG5516.jpg 1024w, https:\/\/mgv-eintracht-vadrup.de\/wp-content\/uploads\/2020\/01\/IMAG5516-300x225.jpg 300w, https:\/\/mgv-eintracht-vadrup.de\/wp-content\/uploads\/2020\/01\/IMAG5516-768x576.jpg 768w\" sizes=\"auto, (max-width: 1024px) 100vw, 1024px\" \/><\/figure><\/li><li class=\"blockgallery--item\"><figure class=\"blockgallery--figure\"><img loading=\"lazy\" decoding=\"async\" width=\"768\" height=\"1024\" src=\"https:\/\/mgv-eintracht-vadrup.de\/wp-content\/uploads\/2020\/01\/IMAG5518.jpg\" alt=\"\" data-id=\"784\" data-link=\"https:\/\/mgv-eintracht-vadrup.de\/?attachment_id=784\" class=\"wp-image-784\" srcset=\"https:\/\/mgv-eintracht-vadrup.de\/wp-content\/uploads\/2020\/01\/IMAG5518.jpg 768w, https:\/\/mgv-eintracht-vadrup.de\/wp-content\/uploads\/2020\/01\/IMAG5518-225x300.jpg 225w\" sizes=\"auto, (max-width: 768px) 100vw, 768px\" \/><\/figure><\/li><li class=\"blockgallery--item\"><figure class=\"blockgallery--figure\"><img loading=\"lazy\" decoding=\"async\" width=\"1024\" height=\"768\" src=\"https:\/\/mgv-eintracht-vadrup.de\/wp-content\/uploads\/2020\/01\/IMAG5511.jpg\" alt=\"\" data-id=\"779\" data-link=\"https:\/\/mgv-eintracht-vadrup.de\/?attachment_id=779\" class=\"wp-image-779\" srcset=\"https:\/\/mgv-eintracht-vadrup.de\/wp-content\/uploads\/2020\/01\/IMAG5511.jpg 1024w, https:\/\/mgv-eintracht-vadrup.de\/wp-content\/uploads\/2020\/01\/IMAG5511-300x225.jpg 300w, https:\/\/mgv-eintracht-vadrup.de\/wp-content\/uploads\/2020\/01\/IMAG5511-768x576.jpg 768w\" sizes=\"auto, (max-width: 1024px) 100vw, 1024px\" \/><\/figure><\/li><li class=\"blockgallery--item\"><figure class=\"blockgallery--figure\"><img loading=\"lazy\" decoding=\"async\" width=\"768\" height=\"1024\" src=\"https:\/\/mgv-eintracht-vadrup.de\/wp-content\/uploads\/2020\/01\/IMAG5512.jpg\" alt=\"\" data-id=\"780\" data-link=\"https:\/\/mgv-eintracht-vadrup.de\/?attachment_id=780\" class=\"wp-image-780\" srcset=\"https:\/\/mgv-eintracht-vadrup.de\/wp-content\/uploads\/2020\/01\/IMAG5512.jpg 768w, https:\/\/mgv-eintracht-vadrup.de\/wp-content\/uploads\/2020\/01\/IMAG5512-225x300.jpg 225w\" sizes=\"auto, (max-width: 768px) 100vw, 768px\" \/><figcaption class=\"blockgallery--caption\">Ehrenvorsitzender Franz-Josef Schr\u00fcnder<\/figcaption><\/figure><\/li><li class=\"blockgallery--item\"><figure class=\"blockgallery--figure\"><img loading=\"lazy\" decoding=\"async\" width=\"768\" height=\"1024\" src=\"https:\/\/mgv-eintracht-vadrup.de\/wp-content\/uploads\/2020\/01\/IMAG5513.jpg\" alt=\"\" data-id=\"781\" data-link=\"https:\/\/mgv-eintracht-vadrup.de\/?attachment_id=781\" class=\"wp-image-781\" srcset=\"https:\/\/mgv-eintracht-vadrup.de\/wp-content\/uploads\/2020\/01\/IMAG5513.jpg 768w, https:\/\/mgv-eintracht-vadrup.de\/wp-content\/uploads\/2020\/01\/IMAG5513-225x300.jpg 225w\" sizes=\"auto, (max-width: 768px) 100vw, 768px\" \/><figcaption class=\"blockgallery--caption\">Nach den Gesch\u00e4ftsberichten und anstehenden Wahlen richtete Vorsitzender Stefan Krieft den Blick in die Zukunft. Es wird eine Neuausrichtung angestrebt. <\/figcaption><\/figure><\/li><li class=\"blockgallery--item\"><figure class=\"blockgallery--figure\"><img loading=\"lazy\" decoding=\"async\" width=\"1024\" height=\"768\" src=\"https:\/\/mgv-eintracht-vadrup.de\/wp-content\/uploads\/2020\/01\/IMAG5510.jpg\" alt=\"\" data-id=\"778\" data-link=\"https:\/\/mgv-eintracht-vadrup.de\/?attachment_id=778\" class=\"wp-image-778\" srcset=\"https:\/\/mgv-eintracht-vadrup.de\/wp-content\/uploads\/2020\/01\/IMAG5510.jpg 1024w, https:\/\/mgv-eintracht-vadrup.de\/wp-content\/uploads\/2020\/01\/IMAG5510-300x225.jpg 300w, https:\/\/mgv-eintracht-vadrup.de\/wp-content\/uploads\/2020\/01\/IMAG5510-768x576.jpg 768w\" sizes=\"auto, (max-width: 1024px) 100vw, 1024px\" \/><\/figure><\/li><li class=\"blockgallery--item\"><figure class=\"blockgallery--figure\"><img loading=\"lazy\" decoding=\"async\" width=\"1024\" height=\"768\" src=\"https:\/\/mgv-eintracht-vadrup.de\/wp-content\/uploads\/2020\/01\/IMAG5509.jpg\" alt=\"\" data-id=\"777\" data-link=\"https:\/\/mgv-eintracht-vadrup.de\/?attachment_id=777\" class=\"wp-image-777\" srcset=\"https:\/\/mgv-eintracht-vadrup.de\/wp-content\/uploads\/2020\/01\/IMAG5509.jpg 1024w, https:\/\/mgv-eintracht-vadrup.de\/wp-content\/uploads\/2020\/01\/IMAG5509-300x225.jpg 300w, https:\/\/mgv-eintracht-vadrup.de\/wp-content\/uploads\/2020\/01\/IMAG5509-768x576.jpg 768w\" sizes=\"auto, (max-width: 1024px) 100vw, 1024px\" \/><\/figure><\/li><\/ul><\/div><\/div>\n\n\n\n<p><\/p>\n\n\n\n<p class=\"has-text-align-center\">            <a href=\"https:\/\/www.wn.de\/Muensterland\/Kreis-Warendorf\/Telgte\/4104797-Generalversammlung-des-MGV-Eintracht-Planungen-fuer-die-Zukunft-laufen-an\">Artikel in den Westf\u00e4lischen Nachrichten<\/a><\/p>\n","protected":false},"excerpt":{"rendered":"<p>Turnusgem\u00e4\u00df trafen wir uns zur j\u00e4hrlichen Veranstaltung in unserem Vereinslokal Pieser&#8217;s Gasthaus Artikel in den Westf\u00e4lischen Nachrichten<\/p>\n","protected":false},"author":3,"featured_media":0,"comment_status":"closed","ping_status":"closed","sticky":false,"template":"","format":"standard","meta":{"_jetpack_memberships_contains_paid_content":false,"footnotes":""},"categories":[16],"tags":[23],"class_list":["post-795","post","type-post","status-publish","format-standard","hentry","category-der-mgv-eintracht-2020","tag-hauptversammlung"],"jetpack_featured_media_url":"","jetpack_sharing_enabled":true,"_links":{"self":[{"href":"https:\/\/mgv-eintracht-vadrup.de\/index.php?rest_route=\/wp\/v2\/posts\/795","targetHints":{"allow":["GET"]}}],"collection":[{"href":"https:\/\/mgv-eintracht-vadrup.de\/index.php?rest_route=\/wp\/v2\/posts"}],"about":[{"href":"https:\/\/mgv-eintracht-vadrup.de\/index.php?rest_route=\/wp\/v2\/types\/post"}],"author":[{"embeddable":true,"href":"https:\/\/mgv-eintracht-vadrup.de\/index.php?rest_route=\/wp\/v2\/users\/3"}],"replies":[{"embeddable":true,"href":"https:\/\/mgv-eintracht-vadrup.de\/index.php?rest_route=%2Fwp%2Fv2%2Fcomments&post=795"}],"version-history":[{"count":4,"href":"https:\/\/mgv-eintracht-vadrup.de\/index.php?rest_route=\/wp\/v2\/posts\/795\/revisions"}],"predecessor-version":[{"id":809,"href":"https:\/\/mgv-eintracht-vadrup.de\/index.php?rest_route=\/wp\/v2\/posts\/795\/revisions\/809"}],"wp:attachment":[{"href":"https:\/\/mgv-eintracht-vadrup.de\/index.php?rest_route=%2Fwp%2Fv2%2Fmedia&parent=795"}],"wp:term":[{"taxonomy":"category","embeddable":true,"href":"https:\/\/mgv-eintracht-vadrup.de\/index.php?rest_route=%2Fwp%2Fv2%2Fcategories&post=795"},{"taxonomy":"post_tag","embeddable":true,"href":"https:\/\/mgv-eintracht-vadrup.de\/index.php?rest_route=%2Fwp%2Fv2%2Ftags&post=795"}],"curies":[{"name":"wp","href":"https:\/\/api.w.org\/{rel}","templated":true}]}}